{"id":6018,"date":"2024-07-30T14:12:32","date_gmt":"2024-07-30T14:12:32","guid":{"rendered":"https:\/\/www.tpa-group.ro\/unkategorisiert\/arbeitsrecht\/"},"modified":"2024-10-28T16:25:55","modified_gmt":"2024-10-28T16:25:55","slug":"arbeitsrecht","status":"publish","type":"post","link":"https:\/\/www.tpa-group.ro\/de\/services\/rechtsberatung\/arbeitsrecht\/","title":{"rendered":"Arbeitsrecht"},"content":{"rendered":"\t\t<div data-elementor-type=\"wp-post\" data-elementor-id=\"6018\" class=\"elementor elementor-6018 elementor-4512\" data-elementor-post-type=\"post\">\n\t\t\t\t<div class=\"elementor-element elementor-element-afe2d7f e-flex e-con-boxed e-con e-parent\" data-id=\"afe2d7f\" data-element_type=\"container\">\n\t\t\t\t\t<div class=\"e-con-inner\">\n\t\t\t\t<div class=\"elementor-element elementor-element-5644e51 elementor-widget elementor-widget-text-editor\" data-id=\"5644e51\" data-element_type=\"widget\" data-widget_type=\"text-editor.default\">\n\t\t\t\t<div class=\"elementor-widget-container\">\n\t\t\t\t\t\t\t\t\tDie Praxisgruppe Arbeitsrecht ist ein Fachbereich innerhalb unserer Kanzlei, die folgende Dienstleistungen erbringt:\t\t\t\t\t\t\t\t<\/div>\n\t\t\t\t<\/div>\n\t\t\t\t\t<\/div>\n\t\t\t\t<\/div>\n\t\t<div class=\"elementor-element elementor-element-40f1606 e-flex e-con-boxed e-con e-parent\" data-id=\"40f1606\" data-element_type=\"container\">\n\t\t\t\t\t<div class=\"e-con-inner\">\n\t\t\t\t<div class=\"elementor-element elementor-element-257ea1d elementor-widget elementor-widget-text-editor\" data-id=\"257ea1d\" data-element_type=\"widget\" data-widget_type=\"text-editor.default\">\n\t\t\t\t<div class=\"elementor-widget-container\">\n\t\t\t\t\t\t\t\t\t<p><strong>Allgemeine arbeitsrechtliche Angelegenheiten<\/strong> \u2013 Verhandlung und Umsetzung von Einrichtungen f\u00fcr die Arbeitnehmerreorganisation, Beratung \u00fcber Besch\u00e4ftigungsma\u00dfnahmen f\u00fcr ausl\u00e4ndische Arbeitnehmer, Beratung \u00fcber Lohn- und Bonuszahlungen, \u00dcberstunden und (exekutive) Befugnisse von F\u00fchrungspositionen, Beratung betreffend K\u00fcndigungsschutz.<\/p>\t\t\t\t\t\t\t\t<\/div>\n\t\t\t\t<\/div>\n\t\t\t\t\t<\/div>\n\t\t\t\t<\/div>\n\t\t<div class=\"elementor-element elementor-element-203e410 e-flex e-con-boxed e-con e-parent\" data-id=\"203e410\" data-element_type=\"container\">\n\t\t\t\t\t<div class=\"e-con-inner\">\n\t\t\t\t<div class=\"elementor-element elementor-element-d24361b elementor-widget elementor-widget-text-editor\" data-id=\"d24361b\" data-element_type=\"widget\" data-widget_type=\"text-editor.default\">\n\t\t\t\t<div class=\"elementor-widget-container\">\n\t\t\t\t\t\t\t\t\t<p><strong>Beendigung von Arbeitsverh\u00e4ltnissen und Personalfreisetzung<\/strong> \u2013 Beratung bei der Formulierung von Unterlagen bez\u00fcglich der Beendigung des Arbeitsverh\u00e4ltnisses und der Durchf\u00fchrung der rechtlichen Phasen bei Personalfreisetzungsverfahren; Unterst\u00fctzung der Gesch\u00e4ftsf\u00fchrung bei Verhandlungen mit Gewerkschaften \u00fcber die Personalfreisetzungsbedingungen.<\/p>\t\t\t\t\t\t\t\t<\/div>\n\t\t\t\t<\/div>\n\t\t\t\t\t<\/div>\n\t\t\t\t<\/div>\n\t\t<div class=\"elementor-element elementor-element-01f65d6 e-flex e-con-boxed e-con e-parent\" data-id=\"01f65d6\" data-element_type=\"container\">\n\t\t\t\t\t<div class=\"e-con-inner\">\n\t\t\t\t<div class=\"elementor-element elementor-element-e7bc24b elementor-widget elementor-widget-text-editor\" data-id=\"e7bc24b\" data-element_type=\"widget\" data-widget_type=\"text-editor.default\">\n\t\t\t\t<div class=\"elementor-widget-container\">\n\t\t\t\t\t\t\t\t\t<p><strong>Reorganisationsprogramme<\/strong> \u2013 Entwicklung, Formulierung und Umsetzung von Reorganisations-\/Versetzungsprogrammen; Unterst\u00fctzung der Gesch\u00e4ftsf\u00fchrung bei der Durchf\u00fchrung von Reorganisationsprogrammen im Rahmen des Kollektivvertrags des Unternehmens.<\/p>\t\t\t\t\t\t\t\t<\/div>\n\t\t\t\t<\/div>\n\t\t\t\t\t<\/div>\n\t\t\t\t<\/div>\n\t\t<div class=\"elementor-element elementor-element-74b4a6c e-flex e-con-boxed e-con e-parent\" data-id=\"74b4a6c\" data-element_type=\"container\">\n\t\t\t\t\t<div class=\"e-con-inner\">\n\t\t\t\t<div class=\"elementor-element elementor-element-843b6c0 elementor-widget elementor-widget-text-editor\" data-id=\"843b6c0\" data-element_type=\"widget\" data-widget_type=\"text-editor.default\">\n\t\t\t\t<div class=\"elementor-widget-container\">\n\t\t\t\t\t\t\t\t\t<p><strong>Kollektivvertr\u00e4ge<\/strong> \u2013 Unterst\u00fctzung des Unternehmens bei dem f\u00fcr Kollektivvertr\u00e4ge geltenden Rechtsrahmen, u.a. Beratung \u00fcber die entsprechenden Rechtsvorschriften, Formulierung der erforderlichen Unterlagen, auf die Unternehmensbed\u00fcrfnisse zugeschnittene Arbeitszeitordnung und Arbeitsbedingungen sowie Teilnahme an Verhandlungen und Abschluss von Kollektivvertr\u00e4gen.<\/p>\t\t\t\t\t\t\t\t<\/div>\n\t\t\t\t<\/div>\n\t\t\t\t\t<\/div>\n\t\t\t\t<\/div>\n\t\t<div class=\"elementor-element elementor-element-b0f1a5c e-flex e-con-boxed e-con e-parent\" data-id=\"b0f1a5c\" data-element_type=\"container\">\n\t\t\t\t\t<div class=\"e-con-inner\">\n\t\t\t\t<div class=\"elementor-element elementor-element-8525193 elementor-widget elementor-widget-text-editor\" data-id=\"8525193\" data-element_type=\"widget\" data-widget_type=\"text-editor.default\">\n\t\t\t\t<div class=\"elementor-widget-container\">\n\t\t\t\t\t\t\t\t\t<p><strong>Arbeitsrechtliche Gerichtsverfahren<\/strong> \u2013 Unterst\u00fctzung des Klienten bei vorprozessualen Verhandlungen, bei Kollektivvertr\u00e4ge betreffenden Rechtsstreitigkeiten, bei einzelnen Arbeitsvertr\u00e4gen, bei der Beendigung des Arbeitsverh\u00e4ltnisses und bei Personalfreisetzungen.<\/p>\t\t\t\t\t\t\t\t<\/div>\n\t\t\t\t<\/div>\n\t\t\t\t\t<\/div>\n\t\t\t\t<\/div>\n\t\t<div class=\"elementor-element elementor-element-71e44ce e-flex e-con-boxed e-con e-parent\" data-id=\"71e44ce\" data-element_type=\"container\">\n\t\t\t\t\t<div class=\"e-con-inner\">\n\t\t\t\t<div class=\"elementor-element elementor-element-4812b16 elementor-widget elementor-widget-spacer\" data-id=\"4812b16\" data-element_type=\"widget\" data-widget_type=\"spacer.default\">\n\t\t\t\t<div class=\"elementor-widget-container\">\n\t\t\t\t\t\t\t<div class=\"elementor-spacer\">\n\t\t\t<div class=\"elementor-spacer-inner\"><\/div>\n\t\t<\/div>\n\t\t\t\t\t\t<\/div>\n\t\t\t\t<\/div>\n\t\t\t\t<div class=\"elementor-element elementor-element-1336c17 elementor-widget elementor-widget-text-editor\" data-id=\"1336c17\" data-element_type=\"widget\" data-widget_type=\"text-editor.default\">\n\t\t\t\t<div class=\"elementor-widget-container\">\n\t\t\t\t\t\t\t\t\t<h2 class=\"elementor-heading-title elementor-size-default\" style=\"color: #3b3b31;\">Ihre Ansprechpersonen<\/h2>\t\t\t\t\t\t\t\t<\/div>\n\t\t\t\t<\/div>\n\t\t\t\t\t<\/div>\n\t\t\t\t<\/div>\n\t\t<div class=\"elementor-element elementor-element-bc95c23 e-flex e-con-boxed e-con e-parent\" data-id=\"bc95c23\" data-element_type=\"container\">\n\t\t\t\t\t<div class=\"e-con-inner\">\n\t\t<div class=\"elementor-element elementor-element-22c9323 e-con-full e-flex e-con e-child\" data-id=\"22c9323\" data-element_type=\"container\">\n\t\t\t\t<div class=\"elementor-element elementor-element-5273277 elementor-widget elementor-widget-single-person-card\" data-id=\"5273277\" data-element_type=\"widget\" data-settings=\"{&quot;person_single&quot;:&quot;1323&quot;}\" data-widget_type=\"single-person-card.default\">\n\t\t\t\t<div class=\"elementor-widget-container\">\n\t\t\t\t\t\n\t\t<div class=\"single-person-card\">\n            <a class=\"person-link\" href=\"https:\/\/www.tpa-group.ro\/de\/persons\/dan-iliescu\/\"  >\n        \t\t<div class=\"img-container\">\n        \t\t\t<img decoding=\"async\" src=\"https:\/\/www.tpa-group.ro\/app\/uploads\/sites\/9\/2024\/05\/dan-880x1000-1.png\" alt=\"Dan Iliescu\">\n        \t\t\t<span><\/span>\n        \t\t<\/div>\n\n\t\t\t\t    \t\t\t\t<div class=\"post-content-wrapper\">\n\t\t        \t\t<div class=\"content-container\">\n                \t\t\t                \t\t\t\t<div class=\"locations\">\n\n        \t\t\t\t\t\t\t\t\t\n\t\t\t\t\t\t\t\t\t\t<p>\n\t\t\t\t\t\t\t\t\t\t\tBukarest\t\t\t\t\t\t\t\t\t\t\t\n\t\t\t\t\t\t\t\t\t\t<\/p>\n\t\t\t\t\t\t\t\t\t\t\t\t\t\t\t\t<\/div>\n\t\t\t\t\t\t\t\t\n\t\t        \t\t\t\t\t        \t\t\t\t<h5 class=\"post-title\">Dan Iliescu<\/h5>\n                \t\t\t\t\t        \t\t\t\t\t        \t\t\t\t\t        \t\t\t\t\t<div class=\"job-positions\">\n\t        \t\t\t\t\t\t\t        \t\t\t\t\t\t\t<p class=\"job-position \">Legal Partner<\/p>\n        \t\t\t\t\t\t\t        \t\t\t\t\t\t<\/div>\n\t        \t\t\t\t\t\t        \t\t\t\t\t<div class=\"btn-arrow\" style=\"background-image: url('https:\/\/www.tpa-group.ro\/app\/plugins\/ovos-elementor-widgets\/widgets\/single-person-card-widget\/img\/button-arrow-right-long.svg')\"><\/div>\n\t\t        \t\t\t\t\t        \t\t<\/div>\n\t        \t\t<\/div>\n\t\t\t\t    \t\t<\/a>\n    \t<\/div>\n\n\t\t\t\t\t\t<\/div>\n\t\t\t\t<\/div>\n\t\t\t\t<\/div>\n\t\t\t\t\t<\/div>\n\t\t\t\t<\/div>\n\t\t\t\t<\/div>\n\t\t","protected":false},"excerpt":{"rendered":"<p>Die Praxisgruppe Arbeitsrecht ist ein Fachbereich innerhalb unserer Kanzlei, die folgende Dienstleistungen erbringt: Allgemeine arbeitsrechtliche Angelegenheiten \u2013 Verhandlung und Umsetzung von Einrichtungen f\u00fcr die Arbeitnehmerreorganisation, Beratung \u00fcber Besch\u00e4ftigungsma\u00dfnahmen f\u00fcr ausl\u00e4ndische Arbeitnehmer, Beratung \u00fcber Lohn- und Bonuszahlungen, \u00dcberstunden und (exekutive) Befugnisse von F\u00fchrungspositionen, Beratung betreffend K\u00fcndigungsschutz. Beendigung von Arbeitsverh\u00e4ltnissen und Personalfreisetzung \u2013 Beratung bei der Formulierung [&hellip;]<\/p>\n","protected":false},"author":44,"featured_media":8422,"comment_status":"open","ping_status":"open","sticky":false,"template":"","format":"standard","meta":{"_acf_changed":false,"footnotes":""},"categories":[87],"tags":[],"class_list":["post-6018","post","type-post","status-publish","format-standard","has-post-thumbnail","hentry","category-consultanta-juridica"],"acf":[],"yoast_head":"<!-- This site is optimized with the Yoast SEO plugin v26.0 - https:\/\/yoast.com\/wordpress\/plugins\/seo\/ -->\n<title>Arbeitsrecht | www.tpa-group.ro<\/title>\n<meta name=\"robots\" content=\"index, follow, max-snippet:-1, max-image-preview:large, max-video-preview:-1\" \/>\n<link rel=\"canonical\" href=\"https:\/\/www.tpa-group.ro\/de\/services\/rechtsberatung\/arbeitsrecht\/\" \/>\n<meta property=\"og:locale\" content=\"de_DE\" \/>\n<meta property=\"og:type\" content=\"article\" \/>\n<meta property=\"og:title\" content=\"Arbeitsrecht | www.tpa-group.ro\" \/>\n<meta property=\"og:description\" content=\"Die Praxisgruppe Arbeitsrecht ist ein Fachbereich innerhalb unserer Kanzlei, die folgende Dienstleistungen erbringt: Allgemeine arbeitsrechtliche Angelegenheiten \u2013 Verhandlung und Umsetzung von Einrichtungen f\u00fcr die Arbeitnehmerreorganisation, Beratung \u00fcber Besch\u00e4ftigungsma\u00dfnahmen f\u00fcr ausl\u00e4ndische Arbeitnehmer, Beratung \u00fcber Lohn- und Bonuszahlungen, \u00dcberstunden und (exekutive) Befugnisse von F\u00fchrungspositionen, Beratung betreffend K\u00fcndigungsschutz. Beendigung von Arbeitsverh\u00e4ltnissen und Personalfreisetzung \u2013 Beratung bei der Formulierung [&hellip;]\" \/>\n<meta property=\"og:url\" content=\"https:\/\/www.tpa-group.ro\/de\/services\/rechtsberatung\/arbeitsrecht\/\" \/>\n<meta property=\"og:site_name\" content=\"www.tpa-group.ro\" \/>\n<meta property=\"article:published_time\" content=\"2024-07-30T14:12:32+00:00\" \/>\n<meta property=\"article:modified_time\" content=\"2024-10-28T16:25:55+00:00\" \/>\n<meta property=\"og:image\" content=\"https:\/\/www.tpa-group.ro\/app\/uploads\/sites\/9\/2024\/09\/business-iStock_000017552766Large.jpg\" \/>\n\t<meta property=\"og:image:width\" content=\"2500\" \/>\n\t<meta property=\"og:image:height\" content=\"1666\" \/>\n\t<meta property=\"og:image:type\" content=\"image\/jpeg\" \/>\n<meta name=\"author\" content=\"slavuflorina\" \/>\n<meta name=\"twitter:card\" content=\"summary_large_image\" \/>\n<meta name=\"twitter:label1\" content=\"Written by\" \/>\n\t<meta name=\"twitter:data1\" content=\"slavuflorina\" \/>\n\t<meta name=\"twitter:label2\" content=\"Est. reading time\" \/>\n\t<meta name=\"twitter:data2\" content=\"2 Minuten\" \/>\n<script type=\"application\/ld+json\" class=\"yoast-schema-graph\">{\"@context\":\"https:\/\/schema.org\",\"@graph\":[{\"@type\":\"Article\",\"@id\":\"https:\/\/www.tpa-group.ro\/de\/services\/rechtsberatung\/arbeitsrecht\/#article\",\"isPartOf\":{\"@id\":\"https:\/\/www.tpa-group.ro\/de\/services\/rechtsberatung\/arbeitsrecht\/\"},\"author\":{\"name\":\"slavuflorina\",\"@id\":\"https:\/\/www.tpa-group.ro\/de\/#\/schema\/person\/98a02e6a6883a6138f23ae0d124bdb7a\"},\"headline\":\"Arbeitsrecht\",\"datePublished\":\"2024-07-30T14:12:32+00:00\",\"dateModified\":\"2024-10-28T16:25:55+00:00\",\"mainEntityOfPage\":{\"@id\":\"https:\/\/www.tpa-group.ro\/de\/services\/rechtsberatung\/arbeitsrecht\/\"},\"wordCount\":196,\"commentCount\":0,\"publisher\":{\"@id\":\"https:\/\/www.tpa-group.ro\/de\/#organization\"},\"image\":{\"@id\":\"https:\/\/www.tpa-group.ro\/de\/services\/rechtsberatung\/arbeitsrecht\/#primaryimage\"},\"thumbnailUrl\":\"https:\/\/www.tpa-group.ro\/app\/uploads\/sites\/9\/2024\/09\/business-iStock_000017552766Large.jpg\",\"articleSection\":[\"Consultan\u021b\u0103 juridic\u0103\"],\"inLanguage\":\"de-DE\"},{\"@type\":\"WebPage\",\"@id\":\"https:\/\/www.tpa-group.ro\/de\/services\/rechtsberatung\/arbeitsrecht\/\",\"url\":\"https:\/\/www.tpa-group.ro\/de\/services\/rechtsberatung\/arbeitsrecht\/\",\"name\":\"Arbeitsrecht | www.tpa-group.ro\",\"isPartOf\":{\"@id\":\"https:\/\/www.tpa-group.ro\/de\/#website\"},\"primaryImageOfPage\":{\"@id\":\"https:\/\/www.tpa-group.ro\/de\/services\/rechtsberatung\/arbeitsrecht\/#primaryimage\"},\"image\":{\"@id\":\"https:\/\/www.tpa-group.ro\/de\/services\/rechtsberatung\/arbeitsrecht\/#primaryimage\"},\"thumbnailUrl\":\"https:\/\/www.tpa-group.ro\/app\/uploads\/sites\/9\/2024\/09\/business-iStock_000017552766Large.jpg\",\"datePublished\":\"2024-07-30T14:12:32+00:00\",\"dateModified\":\"2024-10-28T16:25:55+00:00\",\"breadcrumb\":{\"@id\":\"https:\/\/www.tpa-group.ro\/de\/services\/rechtsberatung\/arbeitsrecht\/#breadcrumb\"},\"inLanguage\":\"de-DE\",\"potentialAction\":[{\"@type\":\"ReadAction\",\"target\":[\"https:\/\/www.tpa-group.ro\/de\/services\/rechtsberatung\/arbeitsrecht\/\"]}]},{\"@type\":\"ImageObject\",\"inLanguage\":\"de-DE\",\"@id\":\"https:\/\/www.tpa-group.ro\/de\/services\/rechtsberatung\/arbeitsrecht\/#primaryimage\",\"url\":\"https:\/\/www.tpa-group.ro\/app\/uploads\/sites\/9\/2024\/09\/business-iStock_000017552766Large.jpg\",\"contentUrl\":\"https:\/\/www.tpa-group.ro\/app\/uploads\/sites\/9\/2024\/09\/business-iStock_000017552766Large.jpg\",\"width\":2500,\"height\":1666},{\"@type\":\"BreadcrumbList\",\"@id\":\"https:\/\/www.tpa-group.ro\/de\/services\/rechtsberatung\/arbeitsrecht\/#breadcrumb\",\"itemListElement\":[{\"@type\":\"ListItem\",\"position\":1,\"name\":\"Home\",\"item\":\"https:\/\/www.tpa-group.ro\/de\/\"},{\"@type\":\"ListItem\",\"position\":2,\"name\":\"Arbeitsrecht\"}]},{\"@type\":\"WebSite\",\"@id\":\"https:\/\/www.tpa-group.ro\/de\/#website\",\"url\":\"https:\/\/www.tpa-group.ro\/de\/\",\"name\":\"TPA Romania\",\"description\":\"\",\"publisher\":{\"@id\":\"https:\/\/www.tpa-group.ro\/de\/#organization\"},\"potentialAction\":[{\"@type\":\"SearchAction\",\"target\":{\"@type\":\"EntryPoint\",\"urlTemplate\":\"https:\/\/www.tpa-group.ro\/de\/?s={search_term_string}\"},\"query-input\":{\"@type\":\"PropertyValueSpecification\",\"valueRequired\":true,\"valueName\":\"search_term_string\"}}],\"inLanguage\":\"de-DE\"},{\"@type\":\"Organization\",\"@id\":\"https:\/\/www.tpa-group.ro\/de\/#organization\",\"name\":\"TPA Romania\",\"url\":\"https:\/\/www.tpa-group.ro\/de\/\",\"logo\":{\"@type\":\"ImageObject\",\"inLanguage\":\"de-DE\",\"@id\":\"https:\/\/www.tpa-group.ro\/de\/#\/schema\/logo\/image\/\",\"url\":\"https:\/\/www.tpa-group.ro\/app\/uploads\/sites\/9\/2024\/10\/TPA-Logo.jpg\",\"contentUrl\":\"https:\/\/www.tpa-group.ro\/app\/uploads\/sites\/9\/2024\/10\/TPA-Logo.jpg\",\"width\":256,\"height\":172,\"caption\":\"TPA Romania\"},\"image\":{\"@id\":\"https:\/\/www.tpa-group.ro\/de\/#\/schema\/logo\/image\/\"}},{\"@type\":\"Person\",\"@id\":\"https:\/\/www.tpa-group.ro\/de\/#\/schema\/person\/98a02e6a6883a6138f23ae0d124bdb7a\",\"name\":\"slavuflorina\"}]}<\/script>\n<!-- \/ Yoast SEO plugin. -->","yoast_head_json":{"title":"Arbeitsrecht | www.tpa-group.ro","robots":{"index":"index","follow":"follow","max-snippet":"max-snippet:-1","max-image-preview":"max-image-preview:large","max-video-preview":"max-video-preview:-1"},"canonical":"https:\/\/www.tpa-group.ro\/de\/services\/rechtsberatung\/arbeitsrecht\/","og_locale":"de_DE","og_type":"article","og_title":"Arbeitsrecht | www.tpa-group.ro","og_description":"Die Praxisgruppe Arbeitsrecht ist ein Fachbereich innerhalb unserer Kanzlei, die folgende Dienstleistungen erbringt: Allgemeine arbeitsrechtliche Angelegenheiten \u2013 Verhandlung und Umsetzung von Einrichtungen f\u00fcr die Arbeitnehmerreorganisation, Beratung \u00fcber Besch\u00e4ftigungsma\u00dfnahmen f\u00fcr ausl\u00e4ndische Arbeitnehmer, Beratung \u00fcber Lohn- und Bonuszahlungen, \u00dcberstunden und (exekutive) Befugnisse von F\u00fchrungspositionen, Beratung betreffend K\u00fcndigungsschutz. Beendigung von Arbeitsverh\u00e4ltnissen und Personalfreisetzung \u2013 Beratung bei der Formulierung [&hellip;]","og_url":"https:\/\/www.tpa-group.ro\/de\/services\/rechtsberatung\/arbeitsrecht\/","og_site_name":"www.tpa-group.ro","article_published_time":"2024-07-30T14:12:32+00:00","article_modified_time":"2024-10-28T16:25:55+00:00","og_image":[{"width":2500,"height":1666,"url":"https:\/\/www.tpa-group.ro\/app\/uploads\/sites\/9\/2024\/09\/business-iStock_000017552766Large.jpg","type":"image\/jpeg"}],"author":"slavuflorina","twitter_card":"summary_large_image","twitter_misc":{"Written by":"slavuflorina","Est. reading time":"2 Minuten"},"schema":{"@context":"https:\/\/schema.org","@graph":[{"@type":"Article","@id":"https:\/\/www.tpa-group.ro\/de\/services\/rechtsberatung\/arbeitsrecht\/#article","isPartOf":{"@id":"https:\/\/www.tpa-group.ro\/de\/services\/rechtsberatung\/arbeitsrecht\/"},"author":{"name":"slavuflorina","@id":"https:\/\/www.tpa-group.ro\/de\/#\/schema\/person\/98a02e6a6883a6138f23ae0d124bdb7a"},"headline":"Arbeitsrecht","datePublished":"2024-07-30T14:12:32+00:00","dateModified":"2024-10-28T16:25:55+00:00","mainEntityOfPage":{"@id":"https:\/\/www.tpa-group.ro\/de\/services\/rechtsberatung\/arbeitsrecht\/"},"wordCount":196,"commentCount":0,"publisher":{"@id":"https:\/\/www.tpa-group.ro\/de\/#organization"},"image":{"@id":"https:\/\/www.tpa-group.ro\/de\/services\/rechtsberatung\/arbeitsrecht\/#primaryimage"},"thumbnailUrl":"https:\/\/www.tpa-group.ro\/app\/uploads\/sites\/9\/2024\/09\/business-iStock_000017552766Large.jpg","articleSection":["Consultan\u021b\u0103 juridic\u0103"],"inLanguage":"de-DE"},{"@type":"WebPage","@id":"https:\/\/www.tpa-group.ro\/de\/services\/rechtsberatung\/arbeitsrecht\/","url":"https:\/\/www.tpa-group.ro\/de\/services\/rechtsberatung\/arbeitsrecht\/","name":"Arbeitsrecht | www.tpa-group.ro","isPartOf":{"@id":"https:\/\/www.tpa-group.ro\/de\/#website"},"primaryImageOfPage":{"@id":"https:\/\/www.tpa-group.ro\/de\/services\/rechtsberatung\/arbeitsrecht\/#primaryimage"},"image":{"@id":"https:\/\/www.tpa-group.ro\/de\/services\/rechtsberatung\/arbeitsrecht\/#primaryimage"},"thumbnailUrl":"https:\/\/www.tpa-group.ro\/app\/uploads\/sites\/9\/2024\/09\/business-iStock_000017552766Large.jpg","datePublished":"2024-07-30T14:12:32+00:00","dateModified":"2024-10-28T16:25:55+00:00","breadcrumb":{"@id":"https:\/\/www.tpa-group.ro\/de\/services\/rechtsberatung\/arbeitsrecht\/#breadcrumb"},"inLanguage":"de-DE","potentialAction":[{"@type":"ReadAction","target":["https:\/\/www.tpa-group.ro\/de\/services\/rechtsberatung\/arbeitsrecht\/"]}]},{"@type":"ImageObject","inLanguage":"de-DE","@id":"https:\/\/www.tpa-group.ro\/de\/services\/rechtsberatung\/arbeitsrecht\/#primaryimage","url":"https:\/\/www.tpa-group.ro\/app\/uploads\/sites\/9\/2024\/09\/business-iStock_000017552766Large.jpg","contentUrl":"https:\/\/www.tpa-group.ro\/app\/uploads\/sites\/9\/2024\/09\/business-iStock_000017552766Large.jpg","width":2500,"height":1666},{"@type":"BreadcrumbList","@id":"https:\/\/www.tpa-group.ro\/de\/services\/rechtsberatung\/arbeitsrecht\/#breadcrumb","itemListElement":[{"@type":"ListItem","position":1,"name":"Home","item":"https:\/\/www.tpa-group.ro\/de\/"},{"@type":"ListItem","position":2,"name":"Arbeitsrecht"}]},{"@type":"WebSite","@id":"https:\/\/www.tpa-group.ro\/de\/#website","url":"https:\/\/www.tpa-group.ro\/de\/","name":"TPA Romania","description":"","publisher":{"@id":"https:\/\/www.tpa-group.ro\/de\/#organization"},"potentialAction":[{"@type":"SearchAction","target":{"@type":"EntryPoint","urlTemplate":"https:\/\/www.tpa-group.ro\/de\/?s={search_term_string}"},"query-input":{"@type":"PropertyValueSpecification","valueRequired":true,"valueName":"search_term_string"}}],"inLanguage":"de-DE"},{"@type":"Organization","@id":"https:\/\/www.tpa-group.ro\/de\/#organization","name":"TPA Romania","url":"https:\/\/www.tpa-group.ro\/de\/","logo":{"@type":"ImageObject","inLanguage":"de-DE","@id":"https:\/\/www.tpa-group.ro\/de\/#\/schema\/logo\/image\/","url":"https:\/\/www.tpa-group.ro\/app\/uploads\/sites\/9\/2024\/10\/TPA-Logo.jpg","contentUrl":"https:\/\/www.tpa-group.ro\/app\/uploads\/sites\/9\/2024\/10\/TPA-Logo.jpg","width":256,"height":172,"caption":"TPA Romania"},"image":{"@id":"https:\/\/www.tpa-group.ro\/de\/#\/schema\/logo\/image\/"}},{"@type":"Person","@id":"https:\/\/www.tpa-group.ro\/de\/#\/schema\/person\/98a02e6a6883a6138f23ae0d124bdb7a","name":"slavuflorina"}]}},"_links":{"self":[{"href":"https:\/\/www.tpa-group.ro\/de\/wp-json\/wp\/v2\/posts\/6018","targetHints":{"allow":["GET"]}}],"collection":[{"href":"https:\/\/www.tpa-group.ro\/de\/wp-json\/wp\/v2\/posts"}],"about":[{"href":"https:\/\/www.tpa-group.ro\/de\/wp-json\/wp\/v2\/types\/post"}],"author":[{"embeddable":true,"href":"https:\/\/www.tpa-group.ro\/de\/wp-json\/wp\/v2\/users\/44"}],"replies":[{"embeddable":true,"href":"https:\/\/www.tpa-group.ro\/de\/wp-json\/wp\/v2\/comments?post=6018"}],"version-history":[{"count":11,"href":"https:\/\/www.tpa-group.ro\/de\/wp-json\/wp\/v2\/posts\/6018\/revisions"}],"predecessor-version":[{"id":9430,"href":"https:\/\/www.tpa-group.ro\/de\/wp-json\/wp\/v2\/posts\/6018\/revisions\/9430"}],"wp:featuredmedia":[{"embeddable":true,"href":"https:\/\/www.tpa-group.ro\/de\/wp-json\/wp\/v2\/media\/8422"}],"wp:attachment":[{"href":"https:\/\/www.tpa-group.ro\/de\/wp-json\/wp\/v2\/media?parent=6018"}],"wp:term":[{"taxonomy":"category","embeddable":true,"href":"https:\/\/www.tpa-group.ro\/de\/wp-json\/wp\/v2\/categories?post=6018"},{"taxonomy":"post_tag","embeddable":true,"href":"https:\/\/www.tpa-group.ro\/de\/wp-json\/wp\/v2\/tags?post=6018"}],"curies":[{"name":"wp","href":"https:\/\/api.w.org\/{rel}","templated":true}]}}